{"id":4458,"date":"2024-05-04T09:50:14","date_gmt":"2024-05-04T09:50:14","guid":{"rendered":"https:\/\/excavacionsfigueres.com\/cat\/?p=4458"},"modified":"2024-05-04T09:55:12","modified_gmt":"2024-05-04T09:55:12","slug":"excavacions-en-espais-reduits","status":"publish","type":"post","link":"https:\/\/excavacionsfigueres.com\/cat\/excavacions-en-espais-reduits\/","title":{"rendered":"Excavacions en Espais Redu\u00efts"},"content":{"rendered":"\t\t<div data-elementor-type=\"wp-post\" data-elementor-id=\"4458\" class=\"elementor elementor-4458\" data-elementor-post-type=\"post\">\n\t\t\t\t<div class=\"elementor-element elementor-element-56982c68 e-flex e-con-boxed e-con e-parent\" data-id=\"56982c68\" data-element_type=\"container\">\n\t\t\t\t\t<div class=\"e-con-inner\">\n\t\t\t\t<div class=\"elementor-element elementor-element-2ebe598a elementor-widget elementor-widget-text-editor\" data-id=\"2ebe598a\" data-element_type=\"widget\" data-widget_type=\"text-editor.default\">\n\t\t\t\t<div class=\"elementor-widget-container\">\n\t\t\t\t\t\t\t\t\t<h3><strong>Estrat\u00e8gies per a Excavacions a Espais Redu\u00efts<\/strong><\/h3><p>Les excavacions en espais redu\u00efts presenten desafiaments \u00fanics que requereixen estrat\u00e8gies espec\u00edfiques per garantir la seguretat, l&#8217;efici\u00e8ncia i l&#8217;\u00e8xit del projecte. En aquest article explorarem diverses estrat\u00e8gies i t\u00e8cniques per abordar aquest tipus d&#8217;excavacions de manera efectiva i segura.<\/p><h4><strong>Qu\u00e8 s\u00f3n les Excavacions a Espais Redu\u00efts?<\/strong><\/h4><p>Les excavacions en espais redu\u00efts fan refer\u00e8ncia a qualsevol tipus de treball d&#8217;excavaci\u00f3 que es faci en \u00e0rees confinades o d&#8217;acc\u00e9s limitat. Aquestes poden incloure zones urbanes densament poblades, patis del darrere estrets o \u00e0rees amb infraestructura subterr\u00e0nia propera.<\/p><h4><strong>Import\u00e0ncia d&#8217;Estrat\u00e8gies Espec\u00edfiques<\/strong><\/h4><p>A causa de les limitacions despai i acc\u00e9s, les excavacions en espais redu\u00efts requereixen un enfocament acurat i planificaci\u00f3 meticulosa per evitar accidents i minimitzar limpacte en lentorn circumdant.<\/p><h4><strong>Principals Estrat\u00e8gies per a Excavacions a Espais Redu\u00efts<\/strong><\/h4><p>A continuaci\u00f3, es presenten algunes estrat\u00e8gies clau per abordar excavacions en espais redu\u00efts:<\/p><h5><strong>1. Avaluaci\u00f3 de Riscos i Planificaci\u00f3 Detallada<\/strong><\/h5><p>Abans de comen\u00e7ar qualsevol treball d&#8217;excavaci\u00f3, \u00e9s fonamental fer una avaluaci\u00f3 exhaustiva dels riscos potencials i desenvolupar un pla detallat que abordi els desafiaments espec\u00edfics del lloc, com la proximitat a edificis, l\u00ednies de serveis p\u00fablics i condicions del s\u00f2l.<\/p><h5><strong>2. \u00das d&#8217;equips compactes i especialitzats<\/strong><\/h5><p>Per maximitzar l&#8217;espai disponible i garantir la maniobrabilitat en \u00e0rees estretes, \u00e9s recomanable utilitzar equips d&#8217;excavaci\u00f3 compactes i especialitzats, com ara miniexcavadores, retroexcavadores de bra\u00e7 curt i equips de demolici\u00f3 controlada.<\/p><h6><strong>\u00das d&#8217;equips compactes i especialitzats<\/strong><\/h6><p>Quan es tracta de realitzar excavacions en espais redu\u00efts, l&#8217;elecci\u00f3 de l&#8217;equip adequat t\u00e9 un paper fonamental en l&#8217;efici\u00e8ncia i la seguretat del projecte. Els equips compactes i especialitzats s\u00f3n eines essencials que permeten treballar de manera efectiva en \u00e0rees confinades i de dif\u00edcil acc\u00e9s.<\/p><h6><strong>Miniexcavadores: Versatilitat en Espais Redu\u00efts<\/strong><\/h6><p>Les miniexcavadores s\u00f3n una opci\u00f3 popular per a excavacions en espais redu\u00efts degut a la seva mida compacta i la seva capacitat per maniobrar en \u00e0rees estretes. Aquestes m\u00e0quines s\u00f3n altament vers\u00e0tils i poden realitzar una varietat de tasques, com ara excavaci\u00f3 de rases, c\u00e0rrega de material i anivellaci\u00f3 del terreny, amb precisi\u00f3 i efici\u00e8ncia.<\/p><h6><strong>Retroexcavadores de Bra\u00e7 Curt: Pot\u00e8ncia i Maniobrabilitat<\/strong><\/h6><p>Les retroexcavadores de bra\u00e7 curt s\u00f3n una altra opci\u00f3 comuna per treballar en espais redu\u00efts. Aquestes m\u00e0quines estan dissenyades amb un bra\u00e7 m\u00e9s curt que les retroexcavadores est\u00e0ndard, fet que els permet operar en \u00e0rees amb acc\u00e9s limitat sense comprometre la pot\u00e8ncia o la capacitat d&#8217;excavaci\u00f3. S\u00f3n ideals per fer treballs d&#8217;excavaci\u00f3 en \u00e0rees confinades, com patis del darrere o espais entre edificis.<\/p><h6><strong>Equips de Demolici\u00f3 Controlada: Precisi\u00f3 en Acci\u00f3<\/strong><\/h6><p>En alguns casos, pot ser necessari fer feines de demolici\u00f3 en espais redu\u00efts per preparar el terreny abans de l&#8217;excavaci\u00f3. Els equips de demolici\u00f3 controlada, com ara martells hidr\u00e0ulics o trituradores de concret, s\u00f3n eines especialitzades que permeten realitzar treballs de demolici\u00f3 de manera precisa i controlada, minimitzant el risc de danys a estructures circumdants.<\/p><h6><strong>Plataformes Elevadores i Equips d&#8217;Acc\u00e9s Vertical: Acc\u00e9s Segur a \u00c0rees Altes<\/strong><\/h6><p>A m\u00e9s de l&#8217;excavaci\u00f3, pot ser necessari accedir a \u00e0rees elevades o de dif\u00edcil acc\u00e9s durant el proc\u00e9s de construcci\u00f3. Les plataformes elevadores i els equips d&#8217;acc\u00e9s vertical, com ara bastides m\u00f2bils o plataformes elevadores de tisora, s\u00f3n indispensables per treballar de manera segura i eficient en al\u00e7ades i \u00e0rees d&#8217;acc\u00e9s limitat.<\/p><h6><strong>Equips de Monitoritzaci\u00f3 i Control de Vibracions: Protecci\u00f3 de l&#8217;Entorn Circundant<\/strong><\/h6><p>Per garantir la seguretat de les estructures circumdants durant el proc\u00e9s d&#8217;excavaci\u00f3, \u00e9s fonamental utilitzar equips de monitoritzaci\u00f3 i control de vibracions. Aquests dispositius permeten mesurar i controlar les vibracions generades per la maquin\u00e0ria i garantir que no superin els l\u00edmits establerts per evitar danys a edificis i altres estructures properes.<br \/>En resum, l\u00fas dequips compactes i especialitzats \u00e9s essencial per abordar excavacions en espais redu\u00efts de manera segura i efectiva. Aquestes eines permeten als treballadors fer feines d&#8217;excavaci\u00f3 amb precisi\u00f3 i efici\u00e8ncia, minimitzant el risc d&#8217;accidents i danys a l&#8217;entorn circumdant.<\/p><h5><strong>3. Implementaci\u00f3 de Sistemes de Protecci\u00f3 i Suport<\/strong><\/h5><p>En excavacions en espais redu\u00efts, \u00e9s crucial instal\u00b7lar sistemes de protecci\u00f3 i suport adequats per prevenir el col\u00b7lapse del s\u00f2l i garantir la seguretat dels treballadors. Aix\u00f2 pot incloure l\u00fas de sistemes de rasa, puntals i refor\u00e7os estructurals.<\/p><h5><strong>4. Monitoritzaci\u00f3 Continu i Control de Vibracions<\/strong><\/h5><p>Per minimitzar el risc de danys a estructures circumdants i mantenir l&#8217;estabilitat del s\u00f2l, cal fer un monitoratge continu de les vibracions i l&#8217;impacte ambiental durant el proc\u00e9s d&#8217;excavaci\u00f3. Aix\u00f2 pot requerir l\u00fas dequips de monitoritzaci\u00f3 i t\u00e8cniques de control de vibracions.<\/p><h5><strong>5. Coordinaci\u00f3 amb Autoritats i Stakeholders<\/strong><\/h5><p>\u00c9s important coordinar amb autoritats locals, propietaris de propietats adjacents i altres stakeholders per garantir el compliment de regulacions i minimitzar les mol\u00e8sties causades pel treball d&#8217;excavaci\u00f3 a \u00e0rees urbanes o sensibles.<\/p><h4><strong>Manteniment i Capacitaci\u00f3 del Personal: Claus per a l&#8217;\u00c8xit<\/strong><\/h4><p>A m\u00e9s de l&#8217;elecci\u00f3 adequada d&#8217;equips, \u00e9s crucial enfocar-se en el manteniment adequat dels mateixos i en la capacitaci\u00f3 del personal que els opera. El manteniment regular dels equips en garanteix el funcionament \u00f2ptim i redueix el risc d&#8217;avaries durant el treball. Aix\u00ed mateix, la capacitaci\u00f3 del personal en el maneig segur i eficient dels equips \u00e9s fonamental per minimitzar el risc d&#8217;accidents i garantir la productivitat al lloc de treball.<\/p><h4><strong>Adaptabilitat i Flexibilitat: Ajustant-se a les Condicions del lloc<\/strong><\/h4><p>En entorns d&#8217;excavaci\u00f3 en espais redu\u00efts, \u00e9s important ser adaptable i flexible en la planificaci\u00f3 i l&#8217;execuci\u00f3 del projecte. Les condicions del lloc poden canviar r\u00e0pidament, i \u00e9s fonamental tenir la capacitat dajustar-se a aquestes condicions i prendre decisions informades sobre la marxa per garantir l\u00e8xit del projecte.<\/p><h4><strong>Coordinaci\u00f3 i Comunicaci\u00f3 Efectiva: Claus per a la Seguretat<\/strong><\/h4><p>La coordinaci\u00f3 i la comunicaci\u00f3 efectiva entre tots els membres de l&#8217;equip s\u00f3n fonamentals per garantir la seguretat al lloc de treball. Aix\u00f2 inclou comunicar clarament els rols i les responsabilitats de cada treballador, establir protocols de seguretat clars i estar atent a qualsevol canvi en les condicions del lloc que pugui afectar la seguretat.<\/p><h4><strong>Avaluaci\u00f3 Cont\u00ednua i Millora: Aprenent de l&#8217;Experi\u00e8ncia<\/strong><\/h4><p>Despr\u00e9s de completar una excavaci\u00f3 en un espai redu\u00eft, \u00e9s important fer una avaluaci\u00f3 cont\u00ednua del projecte per identificar \u00e0rees de millora i aprendre de l&#8217;experi\u00e8ncia. Aix\u00f2 inclou revisar els processos i procediments utilitzats, aix\u00ed com recopilar comentaris del personal i altres stakeholders involucrats al projecte.<\/p><h3><strong>Conclusi\u00f3<\/strong><\/h3><p>Les excavacions en espais redu\u00efts presenten desafiaments \u00fanics que requereixen un enfocament acurat i estrat\u00e8gies espec\u00edfiques per garantir la seguretat i l&#8217;efici\u00e8ncia del projecte. Amb una planificaci\u00f3 detallada, l\u00fas dequips especialitzats i la implementaci\u00f3 de mesures de seguretat adequades, \u00e9s possible dur a terme excavacions reeixides en \u00e0rees confinades i dacc\u00e9s limitat.<\/p><h3><strong>Preguntes freq\u00fcents<\/strong><\/h3>\t\t\t\t\t\t\t\t<\/div>\n\t\t\t\t<\/div>\n\t\t\t\t<div class=\"elementor-element elementor-element-3d8e9b74 elementor-widget elementor-widget-limestone-accordion\" data-id=\"3d8e9b74\" data-element_type=\"widget\" data-widget_type=\"limestone-accordion.default\">\n\t\t\t\t<div class=\"elementor-widget-container\">\n\t\t\t\t\t        <div id=\"accordion-771094\" class=\"limestone-accordion\">\r\n                            <div class=\"accordion-item active-accordion\">\r\n                    <div class=\"accordion-header active-header\" data-target=\"#accordion-content-7710940\">\r\n                        <span class=\"text\">\r\n                            Quins s\u00f3n els principals riscos associats amb les excavacions en espais redu\u00efts?                        <\/span>\r\n                        <span class=\"icons\">\r\n                            <span class=\"icon-open\">\r\n                                <i class=\"fas fa-plus\"><\/i>                            <\/span>\r\n                            <span class=\"icon-close\">\r\n                                <i class=\"fas fa-minus\"><\/i>                            <\/span>\r\n                        <\/span>\r\n                    <\/div>\r\n                    <div class=\"accordion-content active-content\" id=\"accordion-content-7710940\" style=\"display:block;\">\r\n                        <div class=\"content-inner\">\r\n                            <p>Els principals riscos inclouen el col\u00b7lapse del s\u00f2l, l'atrapament de treballadors, els danys a estructures circumdants i els problemes d'acc\u00e9s per a equips de rescat en cas d'emerg\u00e8ncia.<\/p>\n                        <\/div>\r\n                    <\/div>\r\n                <\/div>\r\n                                <div class=\"accordion-item\">\r\n                    <div class=\"accordion-header\" data-target=\"#accordion-content-7710941\">\r\n                        <span class=\"text\">\r\n                            Quines precaucions cal prendre en treballar a prop d'estructures o serveis subterranis?                        <\/span>\r\n                        <span class=\"icons\">\r\n                            <span class=\"icon-open\">\r\n                                <i class=\"fas fa-plus\"><\/i>                            <\/span>\r\n                            <span class=\"icon-close\">\r\n                                <i class=\"fas fa-minus\"><\/i>                            <\/span>\r\n                        <\/span>\r\n                    <\/div>\r\n                    <div class=\"accordion-content\" id=\"accordion-content-7710941\" style=\"display:none;\">\r\n                        <div class=\"content-inner\">\r\n                            <p>\u00c9s crucial fer una ubicaci\u00f3 precisa de serveis subterranis abans de comen\u00e7ar l'excavaci\u00f3 i prendre mesures addicionals, com l'\u00fas de puntals i sistemes de protecci\u00f3, per evitar danys a estructures circumdants.<\/p>\n                        <\/div>\r\n                    <\/div>\r\n                <\/div>\r\n                                <div class=\"accordion-item\">\r\n                    <div class=\"accordion-header\" data-target=\"#accordion-content-7710942\">\r\n                        <span class=\"text\">\r\n                            Quin tipus dequips s\u00f3n m\u00e9s adequats per a excavacions en espais redu\u00efts?                        <\/span>\r\n                        <span class=\"icons\">\r\n                            <span class=\"icon-open\">\r\n                                <i class=\"fas fa-plus\"><\/i>                            <\/span>\r\n                            <span class=\"icon-close\">\r\n                                <i class=\"fas fa-minus\"><\/i>                            <\/span>\r\n                        <\/span>\r\n                    <\/div>\r\n                    <div class=\"accordion-content\" id=\"accordion-content-7710942\" style=\"display:none;\">\r\n                        <div class=\"content-inner\">\r\n                            <p>Els equips compactes i especialitzats, com ara miniexcavadores i retroexcavadores de bra\u00e7 curt, s\u00f3n ideals per treballar en \u00e0rees estretes i confinades.<\/p>\n                        <\/div>\r\n                    <\/div>\r\n                <\/div>\r\n                                <div class=\"accordion-item\">\r\n                    <div class=\"accordion-header\" data-target=\"#accordion-content-7710943\">\r\n                        <span class=\"text\">\r\n                            Com es garanteix la seguretat dels treballadors durant les excavacions en espais redu\u00efts?                        <\/span>\r\n                        <span class=\"icons\">\r\n                            <span class=\"icon-open\">\r\n                                <i class=\"fas fa-plus\"><\/i>                            <\/span>\r\n                            <span class=\"icon-close\">\r\n                                <i class=\"fas fa-minus\"><\/i>                            <\/span>\r\n                        <\/span>\r\n                    <\/div>\r\n                    <div class=\"accordion-content\" id=\"accordion-content-7710943\" style=\"display:none;\">\r\n                        <div class=\"content-inner\">\r\n                            <p>La seguretat dels treballadors es garanteix mitjan\u00e7ant la implementaci\u00f3 de mesures de protecci\u00f3 i suport adequades, la capacitaci\u00f3 en procediments de seguretat i l\u00fas dequip de protecci\u00f3 personal.<\/p>\n                        <\/div>\r\n                    <\/div>\r\n                <\/div>\r\n                                <div class=\"accordion-item\">\r\n                    <div class=\"accordion-header\" data-target=\"#accordion-content-7710944\">\r\n                        <span class=\"text\">\r\n                            Quin \u00e9s el paper de la planificaci\u00f3 en l\u00e8xit duna excavaci\u00f3 en un espai redu\u00eft?                        <\/span>\r\n                        <span class=\"icons\">\r\n                            <span class=\"icon-open\">\r\n                                <i class=\"fas fa-plus\"><\/i>                            <\/span>\r\n                            <span class=\"icon-close\">\r\n                                <i class=\"fas fa-minus\"><\/i>                            <\/span>\r\n                        <\/span>\r\n                    <\/div>\r\n                    <div class=\"accordion-content\" id=\"accordion-content-7710944\" style=\"display:none;\">\r\n                        <div class=\"content-inner\">\r\n                            <p>La planificaci\u00f3 detallada \u00e9s fonamental per identificar i abordar els riscos potencials, optimitzar l'\u00fas de l'espai disponible i garantir l'efici\u00e8ncia i la seguretat del projecte en general.<\/p>\n                        <\/div>\r\n                    <\/div>\r\n                <\/div>\r\n                        <\/div>\r\n        \t\t\t\t<\/div>\n\t\t\t\t<\/div>\n\t\t\t\t\t<\/div>\n\t\t\t\t<\/div>\n\t\t\t\t<\/div>\n\t\t","protected":false},"excerpt":{"rendered":"<p>Descobreix estrat\u00e8gies clau per realitzar excavacions en espais redu\u00efts. Apr\u00e8n sobre equips especialitzats, seguretat i adaptabilitat per a projectes d&#8217;\u00e8xit. <\/p>\n","protected":false},"author":1,"featured_media":4459,"comment_status":"closed","ping_status":"open","sticky":false,"template":"","format":"standard","meta":{"footnotes":""},"categories":[29],"tags":[34,32,33,30,31],"class_list":["post-4458","post","type-post","status-publish","format-standard","has-post-thumbnail","hentry","category-excavacions","tag-empresa-excavacio-figueres","tag-empresa-excavacions-a-figueres","tag-excavacio-figueres","tag-excavacions","tag-excavacions-figueres"],"yoast_head":"<!-- This site is optimized with the Yoast SEO Premium plugin v22.6 (Yoast SEO v24.2) - https:\/\/yoast.com\/wordpress\/plugins\/seo\/ -->\n<title>Excavacions en Espais Redu\u00efts - Excavacions Figueres<\/title>\n<meta name=\"description\" content=\"Estrat\u00e8gies per realitzar excavacions en espais redu\u00efts. Apr\u00e8n sobre equips especialitzats, seguretat i adaptabilitat per a projectes d&#039;\u00e8xit.\" \/>\n<meta name=\"robots\" content=\"index, follow, max-snippet:-1, max-image-preview:large, max-video-preview:-1\" \/>\n<link rel=\"canonical\" href=\"https:\/\/excavacionsfigueres.com\/cat\/excavacions-en-espais-reduits\/\" \/>\n<meta property=\"og:locale\" content=\"ca_ES\" \/>\n<meta property=\"og:type\" content=\"article\" \/>\n<meta property=\"og:title\" content=\"Excavacions en Espais Redu\u00efts\" \/>\n<meta property=\"og:description\" content=\"Descobreix estrat\u00e8gies per realitzar excavacions en espais redu\u00efts. Coneix equips especialitzats i mesures de seguretat per garantir projectes d&#039;\u00e8xit. Llegeix m\u00e9s aqu\u00ed!\" \/>\n<meta property=\"og:url\" content=\"https:\/\/excavacionsfigueres.com\/cat\/excavacions-en-espais-reduits\/\" \/>\n<meta property=\"og:site_name\" content=\"Excavacions Figueres\" \/>\n<meta property=\"article:publisher\" content=\"https:\/\/www.facebook.com\/61557642402407\" \/>\n<meta property=\"article:published_time\" content=\"2024-05-04T09:50:14+00:00\" \/>\n<meta property=\"article:modified_time\" content=\"2024-05-04T09:55:12+00:00\" \/>\n<meta property=\"og:image\" content=\"https:\/\/excavacionsfigueres.com\/cat\/wp-content\/uploads\/2024\/05\/excavacio-espai-reduit.jpg\" \/>\n\t<meta property=\"og:image:width\" content=\"1920\" \/>\n\t<meta property=\"og:image:height\" content=\"1080\" \/>\n\t<meta property=\"og:image:type\" content=\"image\/jpeg\" \/>\n<meta name=\"author\" content=\"Salvador\" \/>\n<meta name=\"twitter:card\" content=\"summary_large_image\" \/>\n<meta name=\"twitter:description\" content=\"Apr\u00e8n sobre estrat\u00e8gies per a excavacions en espais redu\u00efts. Descobreix equips especialitzats i mesures de seguretat per a projectes d&#039;\u00e8xit. #Excavacions #EspaisRedu\u00efts\" \/>\n<meta name=\"twitter:creator\" content=\"@excavfigueres\" \/>\n<meta name=\"twitter:site\" content=\"@excavfigueres\" \/>\n<meta name=\"twitter:label1\" content=\"Escrit per\" \/>\n\t<meta name=\"twitter:data1\" content=\"Salvador\" \/>\n\t<meta name=\"twitter:label2\" content=\"Temps estimat de lectura\" \/>\n\t<meta name=\"twitter:data2\" content=\"8 minuts\" \/>\n<script type=\"application\/ld+json\" class=\"yoast-schema-graph\">{\"@context\":\"https:\/\/schema.org\",\"@graph\":[{\"@type\":\"Article\",\"@id\":\"https:\/\/excavacionsfigueres.com\/cat\/excavacions-en-espais-reduits\/#article\",\"isPartOf\":{\"@id\":\"https:\/\/excavacionsfigueres.com\/cat\/excavacions-en-espais-reduits\/\"},\"author\":{\"name\":\"Salvador\",\"@id\":\"https:\/\/excavacionsfigueres.com\/cat\/#\/schema\/person\/870732bc90f69cf0ace11406fe818e78\"},\"headline\":\"Excavacions en Espais Redu\u00efts\",\"datePublished\":\"2024-05-04T09:50:14+00:00\",\"dateModified\":\"2024-05-04T09:55:12+00:00\",\"mainEntityOfPage\":{\"@id\":\"https:\/\/excavacionsfigueres.com\/cat\/excavacions-en-espais-reduits\/\"},\"wordCount\":1445,\"publisher\":{\"@id\":\"https:\/\/excavacionsfigueres.com\/cat\/#organization\"},\"image\":{\"@id\":\"https:\/\/excavacionsfigueres.com\/cat\/excavacions-en-espais-reduits\/#primaryimage\"},\"thumbnailUrl\":\"https:\/\/excavacionsfigueres.com\/cat\/wp-content\/uploads\/2024\/05\/excavacio-espai-reduit.jpg\",\"keywords\":[\"Empresa Excavaci\u00f3 Figueres\",\"Empresa Excavacions a Figueres\",\"Excavaci\u00f3 Figueres\",\"Excavacions\",\"Excavacions Figueres\"],\"articleSection\":[\"Excavacions\"],\"inLanguage\":\"ca\"},{\"@type\":\"WebPage\",\"@id\":\"https:\/\/excavacionsfigueres.com\/cat\/excavacions-en-espais-reduits\/\",\"url\":\"https:\/\/excavacionsfigueres.com\/cat\/excavacions-en-espais-reduits\/\",\"name\":\"Excavacions en Espais Redu\u00efts - Excavacions Figueres\",\"isPartOf\":{\"@id\":\"https:\/\/excavacionsfigueres.com\/cat\/#website\"},\"primaryImageOfPage\":{\"@id\":\"https:\/\/excavacionsfigueres.com\/cat\/excavacions-en-espais-reduits\/#primaryimage\"},\"image\":{\"@id\":\"https:\/\/excavacionsfigueres.com\/cat\/excavacions-en-espais-reduits\/#primaryimage\"},\"thumbnailUrl\":\"https:\/\/excavacionsfigueres.com\/cat\/wp-content\/uploads\/2024\/05\/excavacio-espai-reduit.jpg\",\"datePublished\":\"2024-05-04T09:50:14+00:00\",\"dateModified\":\"2024-05-04T09:55:12+00:00\",\"description\":\"Estrat\u00e8gies per realitzar excavacions en espais redu\u00efts. Apr\u00e8n sobre equips especialitzats, seguretat i adaptabilitat per a projectes d'\u00e8xit.\",\"breadcrumb\":{\"@id\":\"https:\/\/excavacionsfigueres.com\/cat\/excavacions-en-espais-reduits\/#breadcrumb\"},\"inLanguage\":\"ca\",\"potentialAction\":[{\"@type\":\"ReadAction\",\"target\":[\"https:\/\/excavacionsfigueres.com\/cat\/excavacions-en-espais-reduits\/\"]}]},{\"@type\":\"ImageObject\",\"inLanguage\":\"ca\",\"@id\":\"https:\/\/excavacionsfigueres.com\/cat\/excavacions-en-espais-reduits\/#primaryimage\",\"url\":\"https:\/\/excavacionsfigueres.com\/cat\/wp-content\/uploads\/2024\/05\/excavacio-espai-reduit.jpg\",\"contentUrl\":\"https:\/\/excavacionsfigueres.com\/cat\/wp-content\/uploads\/2024\/05\/excavacio-espai-reduit.jpg\",\"width\":1920,\"height\":1080,\"caption\":\"Excavacions en Espais Redu\u00efts. Coneix les t\u00e8cniques i equips especialitzats per a projectes d'\u00e8xit en \u00e0rees confinades.\"},{\"@type\":\"BreadcrumbList\",\"@id\":\"https:\/\/excavacionsfigueres.com\/cat\/excavacions-en-espais-reduits\/#breadcrumb\",\"itemListElement\":[{\"@type\":\"ListItem\",\"position\":1,\"name\":\"Portada\",\"item\":\"https:\/\/excavacionsfigueres.com\/cat\/\"},{\"@type\":\"ListItem\",\"position\":2,\"name\":\"Excavacions en Espais Redu\u00efts\"}]},{\"@type\":\"WebSite\",\"@id\":\"https:\/\/excavacionsfigueres.com\/cat\/#website\",\"url\":\"https:\/\/excavacionsfigueres.com\/cat\/\",\"name\":\"Excavacions Figueres\",\"description\":\"Excavacions i moviments de terres a Figueres\",\"publisher\":{\"@id\":\"https:\/\/excavacionsfigueres.com\/cat\/#organization\"},\"alternateName\":\"Excavaciones Figueres\",\"potentialAction\":[{\"@type\":\"SearchAction\",\"target\":{\"@type\":\"EntryPoint\",\"urlTemplate\":\"https:\/\/excavacionsfigueres.com\/cat\/?s={search_term_string}\"},\"query-input\":{\"@type\":\"PropertyValueSpecification\",\"valueRequired\":true,\"valueName\":\"search_term_string\"}}],\"inLanguage\":\"ca\"},{\"@type\":\"Organization\",\"@id\":\"https:\/\/excavacionsfigueres.com\/cat\/#organization\",\"name\":\"Excavacions Figueres\",\"alternateName\":\"Excavaciones Figueres\",\"url\":\"https:\/\/excavacionsfigueres.com\/cat\/\",\"logo\":{\"@type\":\"ImageObject\",\"inLanguage\":\"ca\",\"@id\":\"https:\/\/excavacionsfigueres.com\/cat\/#\/schema\/logo\/image\/\",\"url\":\"https:\/\/excavacionsfigueres.com\/cat\/wp-content\/uploads\/2024\/03\/logo-excavaciones-figueres.svg\",\"contentUrl\":\"https:\/\/excavacionsfigueres.com\/cat\/wp-content\/uploads\/2024\/03\/logo-excavaciones-figueres.svg\",\"width\":1,\"height\":1,\"caption\":\"Excavacions Figueres\"},\"image\":{\"@id\":\"https:\/\/excavacionsfigueres.com\/cat\/#\/schema\/logo\/image\/\"},\"sameAs\":[\"https:\/\/www.facebook.com\/61557642402407\",\"https:\/\/x.com\/excavfigueres\"],\"description\":\"Excavacions Figueres \u00e9s una empresa l\u00edder al sector d'excavacions, compromesa amb l'excel\u00b7l\u00e8ncia, la innovaci\u00f3 i el respecte pel medi ambient. Oferim serveis d\u00b4excavaci\u00f3 d\u00b4alta qualitat, utilitzant tecnologia avan\u00e7ada i un equip expert per satisfer les necessitats dels nostres clients.\",\"email\":\"info@excavacionsfigueres.com\",\"telephone\":\"633 72 54 38\",\"legalName\":\"Excavacions Figueres\",\"foundingDate\":\"2022-01-01\",\"numberOfEmployees\":{\"@type\":\"QuantitativeValue\",\"minValue\":\"11\",\"maxValue\":\"50\"}},{\"@type\":\"Person\",\"@id\":\"https:\/\/excavacionsfigueres.com\/cat\/#\/schema\/person\/870732bc90f69cf0ace11406fe818e78\",\"name\":\"Salvador\",\"image\":{\"@type\":\"ImageObject\",\"inLanguage\":\"ca\",\"@id\":\"https:\/\/excavacionsfigueres.com\/cat\/#\/schema\/person\/image\/\",\"url\":\"https:\/\/secure.gravatar.com\/avatar\/4d9248a93abb30b92fe4c3489b09d5e0e7fe13b6d04922a40c2bdb68607d9a03?s=96&d=mm&r=g\",\"contentUrl\":\"https:\/\/secure.gravatar.com\/avatar\/4d9248a93abb30b92fe4c3489b09d5e0e7fe13b6d04922a40c2bdb68607d9a03?s=96&d=mm&r=g\",\"caption\":\"Salvador\"},\"sameAs\":[\"http:\/\/excavacionsfigueres.com\"]}]}<\/script>\n<!-- \/ Yoast SEO Premium plugin. -->","yoast_head_json":{"title":"Excavacions en Espais Redu\u00efts - Excavacions Figueres","description":"Estrat\u00e8gies per realitzar excavacions en espais redu\u00efts. Apr\u00e8n sobre equips especialitzats, seguretat i adaptabilitat per a projectes d'\u00e8xit.","robots":{"index":"index","follow":"follow","max-snippet":"max-snippet:-1","max-image-preview":"max-image-preview:large","max-video-preview":"max-video-preview:-1"},"canonical":"https:\/\/excavacionsfigueres.com\/cat\/excavacions-en-espais-reduits\/","og_locale":"ca_ES","og_type":"article","og_title":"Excavacions en Espais Redu\u00efts","og_description":"Descobreix estrat\u00e8gies per realitzar excavacions en espais redu\u00efts. Coneix equips especialitzats i mesures de seguretat per garantir projectes d'\u00e8xit. Llegeix m\u00e9s aqu\u00ed!","og_url":"https:\/\/excavacionsfigueres.com\/cat\/excavacions-en-espais-reduits\/","og_site_name":"Excavacions Figueres","article_publisher":"https:\/\/www.facebook.com\/61557642402407","article_published_time":"2024-05-04T09:50:14+00:00","article_modified_time":"2024-05-04T09:55:12+00:00","og_image":[{"width":1920,"height":1080,"url":"https:\/\/excavacionsfigueres.com\/cat\/wp-content\/uploads\/2024\/05\/excavacio-espai-reduit.jpg","type":"image\/jpeg"}],"author":"Salvador","twitter_card":"summary_large_image","twitter_description":"Apr\u00e8n sobre estrat\u00e8gies per a excavacions en espais redu\u00efts. Descobreix equips especialitzats i mesures de seguretat per a projectes d'\u00e8xit. #Excavacions #EspaisRedu\u00efts","twitter_creator":"@excavfigueres","twitter_site":"@excavfigueres","twitter_misc":{"Escrit per":"Salvador","Temps estimat de lectura":"8 minuts"},"schema":{"@context":"https:\/\/schema.org","@graph":[{"@type":"Article","@id":"https:\/\/excavacionsfigueres.com\/cat\/excavacions-en-espais-reduits\/#article","isPartOf":{"@id":"https:\/\/excavacionsfigueres.com\/cat\/excavacions-en-espais-reduits\/"},"author":{"name":"Salvador","@id":"https:\/\/excavacionsfigueres.com\/cat\/#\/schema\/person\/870732bc90f69cf0ace11406fe818e78"},"headline":"Excavacions en Espais Redu\u00efts","datePublished":"2024-05-04T09:50:14+00:00","dateModified":"2024-05-04T09:55:12+00:00","mainEntityOfPage":{"@id":"https:\/\/excavacionsfigueres.com\/cat\/excavacions-en-espais-reduits\/"},"wordCount":1445,"publisher":{"@id":"https:\/\/excavacionsfigueres.com\/cat\/#organization"},"image":{"@id":"https:\/\/excavacionsfigueres.com\/cat\/excavacions-en-espais-reduits\/#primaryimage"},"thumbnailUrl":"https:\/\/excavacionsfigueres.com\/cat\/wp-content\/uploads\/2024\/05\/excavacio-espai-reduit.jpg","keywords":["Empresa Excavaci\u00f3 Figueres","Empresa Excavacions a Figueres","Excavaci\u00f3 Figueres","Excavacions","Excavacions Figueres"],"articleSection":["Excavacions"],"inLanguage":"ca"},{"@type":"WebPage","@id":"https:\/\/excavacionsfigueres.com\/cat\/excavacions-en-espais-reduits\/","url":"https:\/\/excavacionsfigueres.com\/cat\/excavacions-en-espais-reduits\/","name":"Excavacions en Espais Redu\u00efts - Excavacions Figueres","isPartOf":{"@id":"https:\/\/excavacionsfigueres.com\/cat\/#website"},"primaryImageOfPage":{"@id":"https:\/\/excavacionsfigueres.com\/cat\/excavacions-en-espais-reduits\/#primaryimage"},"image":{"@id":"https:\/\/excavacionsfigueres.com\/cat\/excavacions-en-espais-reduits\/#primaryimage"},"thumbnailUrl":"https:\/\/excavacionsfigueres.com\/cat\/wp-content\/uploads\/2024\/05\/excavacio-espai-reduit.jpg","datePublished":"2024-05-04T09:50:14+00:00","dateModified":"2024-05-04T09:55:12+00:00","description":"Estrat\u00e8gies per realitzar excavacions en espais redu\u00efts. Apr\u00e8n sobre equips especialitzats, seguretat i adaptabilitat per a projectes d'\u00e8xit.","breadcrumb":{"@id":"https:\/\/excavacionsfigueres.com\/cat\/excavacions-en-espais-reduits\/#breadcrumb"},"inLanguage":"ca","potentialAction":[{"@type":"ReadAction","target":["https:\/\/excavacionsfigueres.com\/cat\/excavacions-en-espais-reduits\/"]}]},{"@type":"ImageObject","inLanguage":"ca","@id":"https:\/\/excavacionsfigueres.com\/cat\/excavacions-en-espais-reduits\/#primaryimage","url":"https:\/\/excavacionsfigueres.com\/cat\/wp-content\/uploads\/2024\/05\/excavacio-espai-reduit.jpg","contentUrl":"https:\/\/excavacionsfigueres.com\/cat\/wp-content\/uploads\/2024\/05\/excavacio-espai-reduit.jpg","width":1920,"height":1080,"caption":"Excavacions en Espais Redu\u00efts. Coneix les t\u00e8cniques i equips especialitzats per a projectes d'\u00e8xit en \u00e0rees confinades."},{"@type":"BreadcrumbList","@id":"https:\/\/excavacionsfigueres.com\/cat\/excavacions-en-espais-reduits\/#breadcrumb","itemListElement":[{"@type":"ListItem","position":1,"name":"Portada","item":"https:\/\/excavacionsfigueres.com\/cat\/"},{"@type":"ListItem","position":2,"name":"Excavacions en Espais Redu\u00efts"}]},{"@type":"WebSite","@id":"https:\/\/excavacionsfigueres.com\/cat\/#website","url":"https:\/\/excavacionsfigueres.com\/cat\/","name":"Excavacions Figueres","description":"Excavacions i moviments de terres a Figueres","publisher":{"@id":"https:\/\/excavacionsfigueres.com\/cat\/#organization"},"alternateName":"Excavaciones Figueres","potentialAction":[{"@type":"SearchAction","target":{"@type":"EntryPoint","urlTemplate":"https:\/\/excavacionsfigueres.com\/cat\/?s={search_term_string}"},"query-input":{"@type":"PropertyValueSpecification","valueRequired":true,"valueName":"search_term_string"}}],"inLanguage":"ca"},{"@type":"Organization","@id":"https:\/\/excavacionsfigueres.com\/cat\/#organization","name":"Excavacions Figueres","alternateName":"Excavaciones Figueres","url":"https:\/\/excavacionsfigueres.com\/cat\/","logo":{"@type":"ImageObject","inLanguage":"ca","@id":"https:\/\/excavacionsfigueres.com\/cat\/#\/schema\/logo\/image\/","url":"https:\/\/excavacionsfigueres.com\/cat\/wp-content\/uploads\/2024\/03\/logo-excavaciones-figueres.svg","contentUrl":"https:\/\/excavacionsfigueres.com\/cat\/wp-content\/uploads\/2024\/03\/logo-excavaciones-figueres.svg","width":1,"height":1,"caption":"Excavacions Figueres"},"image":{"@id":"https:\/\/excavacionsfigueres.com\/cat\/#\/schema\/logo\/image\/"},"sameAs":["https:\/\/www.facebook.com\/61557642402407","https:\/\/x.com\/excavfigueres"],"description":"Excavacions Figueres \u00e9s una empresa l\u00edder al sector d'excavacions, compromesa amb l'excel\u00b7l\u00e8ncia, la innovaci\u00f3 i el respecte pel medi ambient. Oferim serveis d\u00b4excavaci\u00f3 d\u00b4alta qualitat, utilitzant tecnologia avan\u00e7ada i un equip expert per satisfer les necessitats dels nostres clients.","email":"info@excavacionsfigueres.com","telephone":"633 72 54 38","legalName":"Excavacions Figueres","foundingDate":"2022-01-01","numberOfEmployees":{"@type":"QuantitativeValue","minValue":"11","maxValue":"50"}},{"@type":"Person","@id":"https:\/\/excavacionsfigueres.com\/cat\/#\/schema\/person\/870732bc90f69cf0ace11406fe818e78","name":"Salvador","image":{"@type":"ImageObject","inLanguage":"ca","@id":"https:\/\/excavacionsfigueres.com\/cat\/#\/schema\/person\/image\/","url":"https:\/\/secure.gravatar.com\/avatar\/4d9248a93abb30b92fe4c3489b09d5e0e7fe13b6d04922a40c2bdb68607d9a03?s=96&d=mm&r=g","contentUrl":"https:\/\/secure.gravatar.com\/avatar\/4d9248a93abb30b92fe4c3489b09d5e0e7fe13b6d04922a40c2bdb68607d9a03?s=96&d=mm&r=g","caption":"Salvador"},"sameAs":["http:\/\/excavacionsfigueres.com"]}]}},"_links":{"self":[{"href":"https:\/\/excavacionsfigueres.com\/cat\/wp-json\/wp\/v2\/posts\/4458","targetHints":{"allow":["GET"]}}],"collection":[{"href":"https:\/\/excavacionsfigueres.com\/cat\/wp-json\/wp\/v2\/posts"}],"about":[{"href":"https:\/\/excavacionsfigueres.com\/cat\/wp-json\/wp\/v2\/types\/post"}],"author":[{"embeddable":true,"href":"https:\/\/excavacionsfigueres.com\/cat\/wp-json\/wp\/v2\/users\/1"}],"replies":[{"embeddable":true,"href":"https:\/\/excavacionsfigueres.com\/cat\/wp-json\/wp\/v2\/comments?post=4458"}],"version-history":[{"count":7,"href":"https:\/\/excavacionsfigueres.com\/cat\/wp-json\/wp\/v2\/posts\/4458\/revisions"}],"predecessor-version":[{"id":4467,"href":"https:\/\/excavacionsfigueres.com\/cat\/wp-json\/wp\/v2\/posts\/4458\/revisions\/4467"}],"wp:featuredmedia":[{"embeddable":true,"href":"https:\/\/excavacionsfigueres.com\/cat\/wp-json\/wp\/v2\/media\/4459"}],"wp:attachment":[{"href":"https:\/\/excavacionsfigueres.com\/cat\/wp-json\/wp\/v2\/media?parent=4458"}],"wp:term":[{"taxonomy":"category","embeddable":true,"href":"https:\/\/excavacionsfigueres.com\/cat\/wp-json\/wp\/v2\/categories?post=4458"},{"taxonomy":"post_tag","embeddable":true,"href":"https:\/\/excavacionsfigueres.com\/cat\/wp-json\/wp\/v2\/tags?post=4458"}],"curies":[{"name":"wp","href":"https:\/\/api.w.org\/{rel}","templated":true}]}}