{"id":3919,"date":"2024-04-14T08:16:22","date_gmt":"2024-04-14T08:16:22","guid":{"rendered":"https:\/\/excavacionsfigueres.com\/cat\/?p=3919"},"modified":"2024-04-21T09:04:40","modified_gmt":"2024-04-21T09:04:40","slug":"excavacio-mediambient","status":"publish","type":"post","link":"https:\/\/excavacionsfigueres.com\/cat\/excavacio-mediambient\/","title":{"rendered":"Excavaci\u00f3 i medi ambient"},"content":{"rendered":"\t\t<div data-elementor-type=\"wp-post\" data-elementor-id=\"3919\" class=\"elementor elementor-3919\" data-elementor-post-type=\"post\">\n\t\t\t\t<div class=\"elementor-element elementor-element-54ca6bd2 e-flex e-con-boxed e-con e-parent\" data-id=\"54ca6bd2\" data-element_type=\"container\">\n\t\t\t\t\t<div class=\"e-con-inner\">\n\t\t\t\t<div class=\"elementor-element elementor-element-4ceff00b elementor-widget elementor-widget-text-editor\" data-id=\"4ceff00b\" data-element_type=\"widget\" data-widget_type=\"text-editor.default\">\n\t\t\t\t<div class=\"elementor-widget-container\">\n\t\t\t\t\t\t\t\t\t<h3><strong>Excavaci\u00f3 i Medi ambient: El Comprom\u00eds d&#8217;Excavacions Figueres<\/strong><\/h3>\nA Excavacions Figueres entenem la import\u00e0ncia de dur a terme les nostres operacions d&#8217;excavaci\u00f3 de manera responsable amb el medi ambient. En aquest article, explorarem com integrar pr\u00e0ctiques sostenibles a les nostres activitats d&#8217;excavaci\u00f3 per preservar i protegir el nostre entorn natural.\n<h4><strong>L&#8217;Impacte de l&#8217;Excavaci\u00f3 al Medi ambient<\/strong><\/h4>\nL&#8217;excavaci\u00f3, encara que necess\u00e0ria per a molts projectes de construcci\u00f3, pot tenir un impacte significatiu al medi ambient. Des de l&#8217;alteraci\u00f3 del paisatge fins a la contaminaci\u00f3 del s\u00f2l i l&#8217;aigua, \u00e9s crucial recon\u00e8ixer i abordar aquests impactes per minimitzar el nostre efecte a l&#8217;entorn natural que ens envolta.\n<h5><strong>Preservaci\u00f3 de la Biodiversitat<\/strong><\/h5>\nUn dels reptes principals associats amb l&#8217;excavaci\u00f3 \u00e9s la p\u00e8rdua d&#8217;h\u00e0bitats naturals i la interrupci\u00f3 dels ecosistemes locals. Com podem minimitzar aquest impacte i protegir la biodiversitat de la flora i la fauna aut\u00f2ctones?\n<h5><strong>Control de Residus i Abocaments<\/strong><\/h5>\nUn altre aspecte important que cal considerar \u00e9s la gesti\u00f3 adequada dels residus generats durant el proc\u00e9s d&#8217;excavaci\u00f3, aix\u00ed com la prevenci\u00f3 d&#8217;abocaments contaminants a cossos d&#8217;aigua propers. Quines mesures podem implementar per reduir la nostra petjada de residus i evitar la contaminaci\u00f3 del medi ambient?\n<h4><strong>Pr\u00e0ctiques Sostenibles a Excavacions Figueres<\/strong><\/h4>\nA Excavacions Figueres estem compromesos amb la implementaci\u00f3 de pr\u00e0ctiques sostenibles a totes les nostres operacions d&#8217;excavaci\u00f3. Des de l&#8217;\u00fas de tecnologies avan\u00e7ades fins a la col\u00b7laboraci\u00f3 amb experts ambientals, busquem cont\u00ednuament maneres de minimitzar el nostre impacte en el medi ambient i promoure la conservaci\u00f3 dels recursos naturals.\n<h5><strong>\u00das d&#8217;Equips Eficients i de Baix Impacte<\/strong><\/h5>\nOptem per utilitzar equips i maquin\u00e0ria que compleixin els est\u00e0ndards m\u00e9s alts d&#8217;efici\u00e8ncia i baix impacte ambiental. Aix\u00f2 inclou la inversi\u00f3 en tecnologies avan\u00e7ades que redueixin les emissions de gasos amb efecte d&#8217;hivernacle i el consum de combustible, aix\u00ed com la implementaci\u00f3 de sistemes de filtratge d&#8217;aire i aigua per minimitzar la contaminaci\u00f3.\n<h5><strong>Rehabilitaci\u00f3 de Llocs Post-Excavaci\u00f3<\/strong><\/h5>\nUn cop finalitzada l&#8217;excavaci\u00f3, ens assegurem de rehabilitar adequadament el lloc per restaurar-ne la funcionalitat i la biodiversitat. Aix\u00f2 pot incloure la reforestaci\u00f3 d&#8217;\u00e0rees afectades, l&#8217;anivellament del terreny i la implementaci\u00f3 de mesures de conservaci\u00f3 del s\u00f2l i l&#8217;aigua.\n<h4><strong>Conclusions<\/strong><\/h4>\nA Excavacions Figueres creiem que l&#8217;excavaci\u00f3 i el respecte al medi ambient poden anar de la m\u00e0. En adoptar pr\u00e0ctiques sostenibles i comprometre&#8217;ns amb la preservaci\u00f3 de la natura, podem continuar construint un futur m\u00e9s verd i sostenible per a les properes generacions.\n<h4><strong>Preguntes freq\u00fcents<\/strong><\/h4>\t\t\t\t\t\t\t\t<\/div>\n\t\t\t\t<\/div>\n\t\t\t\t<div class=\"elementor-element elementor-element-1fdec2c0 elementor-widget elementor-widget-limestone-accordion\" data-id=\"1fdec2c0\" data-element_type=\"widget\" data-widget_type=\"limestone-accordion.default\">\n\t\t\t\t<div class=\"elementor-widget-container\">\n\t\t\t\t\t        <div id=\"accordion-694619\" class=\"limestone-accordion\">\r\n                            <div class=\"accordion-item active-accordion\">\r\n                    <div class=\"accordion-header active-header\" data-target=\"#accordion-content-6946190\">\r\n                        <span class=\"text\">\r\n                            Com afecta l'excavaci\u00f3 a la qualitat de l'aire i l'aigua?                        <\/span>\r\n                        <span class=\"icons\">\r\n                            <span class=\"icon-open\">\r\n                                <i class=\"fas fa-plus\"><\/i>                            <\/span>\r\n                            <span class=\"icon-close\">\r\n                                <i class=\"fas fa-minus\"><\/i>                            <\/span>\r\n                        <\/span>\r\n                    <\/div>\r\n                    <div class=\"accordion-content active-content\" id=\"accordion-content-6946190\" style=\"display:block;\">\r\n                        <div class=\"content-inner\">\r\n                            <p>Durant l'excavaci\u00f3, es poden generar emissions de pols i contaminants que afecten la qualitat de l'aire i poden contaminar cossos d'aigua propers. Implementem mesures de control i prevenci\u00f3 per mitigar aquests impactes.<\/p>\n                        <\/div>\r\n                    <\/div>\r\n                <\/div>\r\n                                <div class=\"accordion-item\">\r\n                    <div class=\"accordion-header\" data-target=\"#accordion-content-6946191\">\r\n                        <span class=\"text\">\r\n                            Qu\u00e8 fem amb residus generats durant l'excavaci\u00f3?                        <\/span>\r\n                        <span class=\"icons\">\r\n                            <span class=\"icon-open\">\r\n                                <i class=\"fas fa-plus\"><\/i>                            <\/span>\r\n                            <span class=\"icon-close\">\r\n                                <i class=\"fas fa-minus\"><\/i>                            <\/span>\r\n                        <\/span>\r\n                    <\/div>\r\n                    <div class=\"accordion-content\" id=\"accordion-content-6946191\" style=\"display:none;\">\r\n                        <div class=\"content-inner\">\r\n                            <p>Ens comprometem a gestionar responsablement els residus generats durant les nostres operacions d'excavaci\u00f3. Aix\u00f2 inclou la seva correcta separaci\u00f3, reciclatge quan sigui possible i disposici\u00f3 final adequada a abocadors autoritzats.<\/p>\n                        <\/div>\r\n                    <\/div>\r\n                <\/div>\r\n                                <div class=\"accordion-item\">\r\n                    <div class=\"accordion-header\" data-target=\"#accordion-content-6946192\">\r\n                        <span class=\"text\">\r\n                            Quin tipus de tecnologies fem servir per reduir el nostre impacte ambiental?                        <\/span>\r\n                        <span class=\"icons\">\r\n                            <span class=\"icon-open\">\r\n                                <i class=\"fas fa-plus\"><\/i>                            <\/span>\r\n                            <span class=\"icon-close\">\r\n                                <i class=\"fas fa-minus\"><\/i>                            <\/span>\r\n                        <\/span>\r\n                    <\/div>\r\n                    <div class=\"accordion-content\" id=\"accordion-content-6946192\" style=\"display:none;\">\r\n                        <div class=\"content-inner\">\r\n                            <p>Utilitzem equips i maquin\u00e0ria moderna que compleix els est\u00e0ndards m\u00e9s estrictes d'efici\u00e8ncia i baix impacte ambiental. Aix\u00f2 inclou la incorporaci\u00f3 de tecnologies de motor net i sistemes de filtratge avan\u00e7ats.<\/p>\n                        <\/div>\r\n                    <\/div>\r\n                <\/div>\r\n                                <div class=\"accordion-item\">\r\n                    <div class=\"accordion-header\" data-target=\"#accordion-content-6946193\">\r\n                        <span class=\"text\">\r\n                            Com rehabilitem els llocs despr\u00e9s de completar una excavaci\u00f3?                        <\/span>\r\n                        <span class=\"icons\">\r\n                            <span class=\"icon-open\">\r\n                                <i class=\"fas fa-plus\"><\/i>                            <\/span>\r\n                            <span class=\"icon-close\">\r\n                                <i class=\"fas fa-minus\"><\/i>                            <\/span>\r\n                        <\/span>\r\n                    <\/div>\r\n                    <div class=\"accordion-content\" id=\"accordion-content-6946193\" style=\"display:none;\">\r\n                        <div class=\"content-inner\">\r\n                            <p>La nostra rehabilitaci\u00f3 de llocs postexcavaci\u00f3 inclou mesures com la reforestaci\u00f3, l'anivellament del terreny i la implementaci\u00f3 de pr\u00e0ctiques de conservaci\u00f3 del s\u00f2l i l'aigua per restaurar el lloc al seu estat natural o millorar-lo.<\/p>\n                        <\/div>\r\n                    <\/div>\r\n                <\/div>\r\n                                <div class=\"accordion-item\">\r\n                    <div class=\"accordion-header\" data-target=\"#accordion-content-6946194\">\r\n                        <span class=\"text\">\r\n                            Quin \u00e9s el comprom\u00eds de les Excavacions Figueres amb la conservaci\u00f3 de la biodiversitat local?                        <\/span>\r\n                        <span class=\"icons\">\r\n                            <span class=\"icon-open\">\r\n                                <i class=\"fas fa-plus\"><\/i>                            <\/span>\r\n                            <span class=\"icon-close\">\r\n                                <i class=\"fas fa-minus\"><\/i>                            <\/span>\r\n                        <\/span>\r\n                    <\/div>\r\n                    <div class=\"accordion-content\" id=\"accordion-content-6946194\" style=\"display:none;\">\r\n                        <div class=\"content-inner\">\r\n                            <p>Nos comprometemos a proteger y preservar la biodiversidad local mediante la implementaci\u00f3n de medidas de mitigaci\u00f3n y conservaci\u00f3n en nuestras operaciones de excavaci\u00f3n, as\u00ed como a trav\u00e9s de iniciativas de reforestaci\u00f3n y conservaci\u00f3n de h\u00e1bitats naturales.<\/p>\n                        <\/div>\r\n                    <\/div>\r\n                <\/div>\r\n                        <\/div>\r\n        \t\t\t\t<\/div>\n\t\t\t\t<\/div>\n\t\t\t\t\t<\/div>\n\t\t\t\t<\/div>\n\t\t\t\t<\/div>\n\t\t","protected":false},"excerpt":{"rendered":"<p>En Excavacions Figueres, comprendemos la importancia de llevar a cabo nuestras operaciones de excavaci\u00f3n de manera responsable con el medioambiente. Conoce m\u00e1s sobre nuestro compromiso aqu\u00ed.<\/p>\n","protected":false},"author":1,"featured_media":3931,"comment_status":"closed","ping_status":"open","sticky":false,"template":"","format":"standard","meta":{"footnotes":""},"categories":[29],"tags":[42,34,32,33,41,30,31,35],"class_list":["post-3919","post","type-post","status-publish","format-standard","has-post-thumbnail","hentry","category-excavacions","tag-construccion-i-mediambient","tag-empresa-excavacio-figueres","tag-empresa-excavacions-a-figueres","tag-excavacio-figueres","tag-excavacio-i-mediambient","tag-excavacions","tag-excavacions-figueres","tag-excavadores-figueres"],"yoast_head":"<!-- This site is optimized with the Yoast SEO Premium plugin v22.6 (Yoast SEO v24.2) - https:\/\/yoast.com\/wordpress\/plugins\/seo\/ -->\n<title>Excavaci\u00f3 i medi ambient - Excavacions Figueres<\/title>\n<meta name=\"description\" content=\"Descobreix com Excavacions Figueres integra pr\u00e0ctiques sostenibles per minimitzar l&#039;impacte de l&#039;excavaci\u00f3 al medi ambient.\" \/>\n<meta name=\"robots\" content=\"index, follow, max-snippet:-1, max-image-preview:large, max-video-preview:-1\" \/>\n<link rel=\"canonical\" href=\"https:\/\/excavacionsfigueres.com\/cat\/excavacio-mediambient\/\" \/>\n<meta property=\"og:locale\" content=\"ca_ES\" \/>\n<meta property=\"og:type\" content=\"article\" \/>\n<meta property=\"og:title\" content=\"Excavaci\u00f3 i medi ambient\" \/>\n<meta property=\"og:description\" content=\"Coneixeu com Excavacions Figueres prioritza pr\u00e0ctiques sostenibles per minimitzar l&#039;impacte ambiental de l&#039;excavaci\u00f3. Descobriu m\u00e9s sobre el nostre comprom\u00eds aqu\u00ed!\" \/>\n<meta property=\"og:url\" content=\"https:\/\/excavacionsfigueres.com\/cat\/excavacio-mediambient\/\" \/>\n<meta property=\"og:site_name\" content=\"Excavacions Figueres\" \/>\n<meta property=\"article:publisher\" content=\"https:\/\/www.facebook.com\/61557642402407\" \/>\n<meta property=\"article:published_time\" content=\"2024-04-14T08:16:22+00:00\" \/>\n<meta property=\"article:modified_time\" content=\"2024-04-21T09:04:40+00:00\" \/>\n<meta property=\"og:image\" content=\"https:\/\/excavacionsfigueres.com\/cat\/wp-content\/uploads\/2024\/04\/excavacion-medioambiente-figueres.jpg\" \/>\n\t<meta property=\"og:image:width\" content=\"1920\" \/>\n\t<meta property=\"og:image:height\" content=\"1080\" \/>\n\t<meta property=\"og:image:type\" content=\"image\/jpeg\" \/>\n<meta name=\"author\" content=\"Salvador\" \/>\n<meta name=\"twitter:card\" content=\"summary_large_image\" \/>\n<meta name=\"twitter:description\" content=\"Excavacions Figueres es compromet a les pr\u00e0ctiques sostenibles per minimitzar l&#039;impacte ambiental de l&#039;excavaci\u00f3. Descobriu m\u00e9s sobre el nostre enfocament aqu\u00ed!\" \/>\n<meta name=\"twitter:creator\" content=\"@excavfigueres\" \/>\n<meta name=\"twitter:site\" content=\"@excavfigueres\" \/>\n<meta name=\"twitter:label1\" content=\"Escrit per\" \/>\n\t<meta name=\"twitter:data1\" content=\"Salvador\" \/>\n\t<meta name=\"twitter:label2\" content=\"Temps estimat de lectura\" \/>\n\t<meta name=\"twitter:data2\" content=\"4 minuts\" \/>\n<script type=\"application\/ld+json\" class=\"yoast-schema-graph\">{\"@context\":\"https:\/\/schema.org\",\"@graph\":[{\"@type\":\"Article\",\"@id\":\"https:\/\/excavacionsfigueres.com\/cat\/excavacio-mediambient\/#article\",\"isPartOf\":{\"@id\":\"https:\/\/excavacionsfigueres.com\/cat\/excavacio-mediambient\/\"},\"author\":{\"name\":\"Salvador\",\"@id\":\"https:\/\/excavacionsfigueres.com\/cat\/#\/schema\/person\/870732bc90f69cf0ace11406fe818e78\"},\"headline\":\"Excavaci\u00f3 i medi ambient\",\"datePublished\":\"2024-04-14T08:16:22+00:00\",\"dateModified\":\"2024-04-21T09:04:40+00:00\",\"mainEntityOfPage\":{\"@id\":\"https:\/\/excavacionsfigueres.com\/cat\/excavacio-mediambient\/\"},\"wordCount\":695,\"publisher\":{\"@id\":\"https:\/\/excavacionsfigueres.com\/cat\/#organization\"},\"image\":{\"@id\":\"https:\/\/excavacionsfigueres.com\/cat\/excavacio-mediambient\/#primaryimage\"},\"thumbnailUrl\":\"https:\/\/excavacionsfigueres.com\/cat\/wp-content\/uploads\/2024\/04\/excavacion-medioambiente-figueres.jpg\",\"keywords\":[\"Construcci\u00f3 i medi ambient\",\"Empresa Excavaci\u00f3 Figueres\",\"Empresa Excavacions a Figueres\",\"Excavaci\u00f3 Figueres\",\"Excavaci\u00f3 i medi ambient\",\"Excavacions\",\"Excavacions Figueres\",\"Excavadores Figueres\"],\"articleSection\":[\"Excavacions\"],\"inLanguage\":\"ca\"},{\"@type\":\"WebPage\",\"@id\":\"https:\/\/excavacionsfigueres.com\/cat\/excavacio-mediambient\/\",\"url\":\"https:\/\/excavacionsfigueres.com\/cat\/excavacio-mediambient\/\",\"name\":\"Excavaci\u00f3 i medi ambient - Excavacions Figueres\",\"isPartOf\":{\"@id\":\"https:\/\/excavacionsfigueres.com\/cat\/#website\"},\"primaryImageOfPage\":{\"@id\":\"https:\/\/excavacionsfigueres.com\/cat\/excavacio-mediambient\/#primaryimage\"},\"image\":{\"@id\":\"https:\/\/excavacionsfigueres.com\/cat\/excavacio-mediambient\/#primaryimage\"},\"thumbnailUrl\":\"https:\/\/excavacionsfigueres.com\/cat\/wp-content\/uploads\/2024\/04\/excavacion-medioambiente-figueres.jpg\",\"datePublished\":\"2024-04-14T08:16:22+00:00\",\"dateModified\":\"2024-04-21T09:04:40+00:00\",\"description\":\"Descobreix com Excavacions Figueres integra pr\u00e0ctiques sostenibles per minimitzar l'impacte de l'excavaci\u00f3 al medi ambient.\",\"breadcrumb\":{\"@id\":\"https:\/\/excavacionsfigueres.com\/cat\/excavacio-mediambient\/#breadcrumb\"},\"inLanguage\":\"ca\",\"potentialAction\":[{\"@type\":\"ReadAction\",\"target\":[\"https:\/\/excavacionsfigueres.com\/cat\/excavacio-mediambient\/\"]}]},{\"@type\":\"ImageObject\",\"inLanguage\":\"ca\",\"@id\":\"https:\/\/excavacionsfigueres.com\/cat\/excavacio-mediambient\/#primaryimage\",\"url\":\"https:\/\/excavacionsfigueres.com\/cat\/wp-content\/uploads\/2024\/04\/excavacion-medioambiente-figueres.jpg\",\"contentUrl\":\"https:\/\/excavacionsfigueres.com\/cat\/wp-content\/uploads\/2024\/04\/excavacion-medioambiente-figueres.jpg\",\"width\":1920,\"height\":1080,\"caption\":\"Imatges d'excavaci\u00f3 i medi ambient: descobreix com Excavacions Figueres integra pr\u00e0ctiques sostenibles per reduir l'impacte ambiental de les operacions.\"},{\"@type\":\"BreadcrumbList\",\"@id\":\"https:\/\/excavacionsfigueres.com\/cat\/excavacio-mediambient\/#breadcrumb\",\"itemListElement\":[{\"@type\":\"ListItem\",\"position\":1,\"name\":\"Portada\",\"item\":\"https:\/\/excavacionsfigueres.com\/cat\/\"},{\"@type\":\"ListItem\",\"position\":2,\"name\":\"Excavaci\u00f3 i medi ambient\"}]},{\"@type\":\"WebSite\",\"@id\":\"https:\/\/excavacionsfigueres.com\/cat\/#website\",\"url\":\"https:\/\/excavacionsfigueres.com\/cat\/\",\"name\":\"Excavacions Figueres\",\"description\":\"Excavacions i moviments de terres a Figueres\",\"publisher\":{\"@id\":\"https:\/\/excavacionsfigueres.com\/cat\/#organization\"},\"alternateName\":\"Excavaciones Figueres\",\"potentialAction\":[{\"@type\":\"SearchAction\",\"target\":{\"@type\":\"EntryPoint\",\"urlTemplate\":\"https:\/\/excavacionsfigueres.com\/cat\/?s={search_term_string}\"},\"query-input\":{\"@type\":\"PropertyValueSpecification\",\"valueRequired\":true,\"valueName\":\"search_term_string\"}}],\"inLanguage\":\"ca\"},{\"@type\":\"Organization\",\"@id\":\"https:\/\/excavacionsfigueres.com\/cat\/#organization\",\"name\":\"Excavacions Figueres\",\"alternateName\":\"Excavaciones Figueres\",\"url\":\"https:\/\/excavacionsfigueres.com\/cat\/\",\"logo\":{\"@type\":\"ImageObject\",\"inLanguage\":\"ca\",\"@id\":\"https:\/\/excavacionsfigueres.com\/cat\/#\/schema\/logo\/image\/\",\"url\":\"https:\/\/excavacionsfigueres.com\/cat\/wp-content\/uploads\/2024\/03\/logo-excavaciones-figueres.svg\",\"contentUrl\":\"https:\/\/excavacionsfigueres.com\/cat\/wp-content\/uploads\/2024\/03\/logo-excavaciones-figueres.svg\",\"width\":1,\"height\":1,\"caption\":\"Excavacions Figueres\"},\"image\":{\"@id\":\"https:\/\/excavacionsfigueres.com\/cat\/#\/schema\/logo\/image\/\"},\"sameAs\":[\"https:\/\/www.facebook.com\/61557642402407\",\"https:\/\/x.com\/excavfigueres\"],\"description\":\"Excavacions Figueres \u00e9s una empresa l\u00edder al sector d'excavacions, compromesa amb l'excel\u00b7l\u00e8ncia, la innovaci\u00f3 i el respecte pel medi ambient. Oferim serveis d\u00b4excavaci\u00f3 d\u00b4alta qualitat, utilitzant tecnologia avan\u00e7ada i un equip expert per satisfer les necessitats dels nostres clients.\",\"email\":\"info@excavacionsfigueres.com\",\"telephone\":\"633 72 54 38\",\"legalName\":\"Excavacions Figueres\",\"foundingDate\":\"2022-01-01\",\"numberOfEmployees\":{\"@type\":\"QuantitativeValue\",\"minValue\":\"11\",\"maxValue\":\"50\"}},{\"@type\":\"Person\",\"@id\":\"https:\/\/excavacionsfigueres.com\/cat\/#\/schema\/person\/870732bc90f69cf0ace11406fe818e78\",\"name\":\"Salvador\",\"image\":{\"@type\":\"ImageObject\",\"inLanguage\":\"ca\",\"@id\":\"https:\/\/excavacionsfigueres.com\/cat\/#\/schema\/person\/image\/\",\"url\":\"https:\/\/secure.gravatar.com\/avatar\/4d9248a93abb30b92fe4c3489b09d5e0e7fe13b6d04922a40c2bdb68607d9a03?s=96&d=mm&r=g\",\"contentUrl\":\"https:\/\/secure.gravatar.com\/avatar\/4d9248a93abb30b92fe4c3489b09d5e0e7fe13b6d04922a40c2bdb68607d9a03?s=96&d=mm&r=g\",\"caption\":\"Salvador\"},\"sameAs\":[\"http:\/\/excavacionsfigueres.com\"]}]}<\/script>\n<!-- \/ Yoast SEO Premium plugin. -->","yoast_head_json":{"title":"Excavaci\u00f3 i medi ambient - Excavacions Figueres","description":"Descobreix com Excavacions Figueres integra pr\u00e0ctiques sostenibles per minimitzar l'impacte de l'excavaci\u00f3 al medi ambient.","robots":{"index":"index","follow":"follow","max-snippet":"max-snippet:-1","max-image-preview":"max-image-preview:large","max-video-preview":"max-video-preview:-1"},"canonical":"https:\/\/excavacionsfigueres.com\/cat\/excavacio-mediambient\/","og_locale":"ca_ES","og_type":"article","og_title":"Excavaci\u00f3 i medi ambient","og_description":"Coneixeu com Excavacions Figueres prioritza pr\u00e0ctiques sostenibles per minimitzar l'impacte ambiental de l'excavaci\u00f3. Descobriu m\u00e9s sobre el nostre comprom\u00eds aqu\u00ed!","og_url":"https:\/\/excavacionsfigueres.com\/cat\/excavacio-mediambient\/","og_site_name":"Excavacions Figueres","article_publisher":"https:\/\/www.facebook.com\/61557642402407","article_published_time":"2024-04-14T08:16:22+00:00","article_modified_time":"2024-04-21T09:04:40+00:00","og_image":[{"width":1920,"height":1080,"url":"https:\/\/excavacionsfigueres.com\/cat\/wp-content\/uploads\/2024\/04\/excavacion-medioambiente-figueres.jpg","type":"image\/jpeg"}],"author":"Salvador","twitter_card":"summary_large_image","twitter_description":"Excavacions Figueres es compromet a les pr\u00e0ctiques sostenibles per minimitzar l'impacte ambiental de l'excavaci\u00f3. Descobriu m\u00e9s sobre el nostre enfocament aqu\u00ed!","twitter_creator":"@excavfigueres","twitter_site":"@excavfigueres","twitter_misc":{"Escrit per":"Salvador","Temps estimat de lectura":"4 minuts"},"schema":{"@context":"https:\/\/schema.org","@graph":[{"@type":"Article","@id":"https:\/\/excavacionsfigueres.com\/cat\/excavacio-mediambient\/#article","isPartOf":{"@id":"https:\/\/excavacionsfigueres.com\/cat\/excavacio-mediambient\/"},"author":{"name":"Salvador","@id":"https:\/\/excavacionsfigueres.com\/cat\/#\/schema\/person\/870732bc90f69cf0ace11406fe818e78"},"headline":"Excavaci\u00f3 i medi ambient","datePublished":"2024-04-14T08:16:22+00:00","dateModified":"2024-04-21T09:04:40+00:00","mainEntityOfPage":{"@id":"https:\/\/excavacionsfigueres.com\/cat\/excavacio-mediambient\/"},"wordCount":695,"publisher":{"@id":"https:\/\/excavacionsfigueres.com\/cat\/#organization"},"image":{"@id":"https:\/\/excavacionsfigueres.com\/cat\/excavacio-mediambient\/#primaryimage"},"thumbnailUrl":"https:\/\/excavacionsfigueres.com\/cat\/wp-content\/uploads\/2024\/04\/excavacion-medioambiente-figueres.jpg","keywords":["Construcci\u00f3 i medi ambient","Empresa Excavaci\u00f3 Figueres","Empresa Excavacions a Figueres","Excavaci\u00f3 Figueres","Excavaci\u00f3 i medi ambient","Excavacions","Excavacions Figueres","Excavadores Figueres"],"articleSection":["Excavacions"],"inLanguage":"ca"},{"@type":"WebPage","@id":"https:\/\/excavacionsfigueres.com\/cat\/excavacio-mediambient\/","url":"https:\/\/excavacionsfigueres.com\/cat\/excavacio-mediambient\/","name":"Excavaci\u00f3 i medi ambient - Excavacions Figueres","isPartOf":{"@id":"https:\/\/excavacionsfigueres.com\/cat\/#website"},"primaryImageOfPage":{"@id":"https:\/\/excavacionsfigueres.com\/cat\/excavacio-mediambient\/#primaryimage"},"image":{"@id":"https:\/\/excavacionsfigueres.com\/cat\/excavacio-mediambient\/#primaryimage"},"thumbnailUrl":"https:\/\/excavacionsfigueres.com\/cat\/wp-content\/uploads\/2024\/04\/excavacion-medioambiente-figueres.jpg","datePublished":"2024-04-14T08:16:22+00:00","dateModified":"2024-04-21T09:04:40+00:00","description":"Descobreix com Excavacions Figueres integra pr\u00e0ctiques sostenibles per minimitzar l'impacte de l'excavaci\u00f3 al medi ambient.","breadcrumb":{"@id":"https:\/\/excavacionsfigueres.com\/cat\/excavacio-mediambient\/#breadcrumb"},"inLanguage":"ca","potentialAction":[{"@type":"ReadAction","target":["https:\/\/excavacionsfigueres.com\/cat\/excavacio-mediambient\/"]}]},{"@type":"ImageObject","inLanguage":"ca","@id":"https:\/\/excavacionsfigueres.com\/cat\/excavacio-mediambient\/#primaryimage","url":"https:\/\/excavacionsfigueres.com\/cat\/wp-content\/uploads\/2024\/04\/excavacion-medioambiente-figueres.jpg","contentUrl":"https:\/\/excavacionsfigueres.com\/cat\/wp-content\/uploads\/2024\/04\/excavacion-medioambiente-figueres.jpg","width":1920,"height":1080,"caption":"Imatges d'excavaci\u00f3 i medi ambient: descobreix com Excavacions Figueres integra pr\u00e0ctiques sostenibles per reduir l'impacte ambiental de les operacions."},{"@type":"BreadcrumbList","@id":"https:\/\/excavacionsfigueres.com\/cat\/excavacio-mediambient\/#breadcrumb","itemListElement":[{"@type":"ListItem","position":1,"name":"Portada","item":"https:\/\/excavacionsfigueres.com\/cat\/"},{"@type":"ListItem","position":2,"name":"Excavaci\u00f3 i medi ambient"}]},{"@type":"WebSite","@id":"https:\/\/excavacionsfigueres.com\/cat\/#website","url":"https:\/\/excavacionsfigueres.com\/cat\/","name":"Excavacions Figueres","description":"Excavacions i moviments de terres a Figueres","publisher":{"@id":"https:\/\/excavacionsfigueres.com\/cat\/#organization"},"alternateName":"Excavaciones Figueres","potentialAction":[{"@type":"SearchAction","target":{"@type":"EntryPoint","urlTemplate":"https:\/\/excavacionsfigueres.com\/cat\/?s={search_term_string}"},"query-input":{"@type":"PropertyValueSpecification","valueRequired":true,"valueName":"search_term_string"}}],"inLanguage":"ca"},{"@type":"Organization","@id":"https:\/\/excavacionsfigueres.com\/cat\/#organization","name":"Excavacions Figueres","alternateName":"Excavaciones Figueres","url":"https:\/\/excavacionsfigueres.com\/cat\/","logo":{"@type":"ImageObject","inLanguage":"ca","@id":"https:\/\/excavacionsfigueres.com\/cat\/#\/schema\/logo\/image\/","url":"https:\/\/excavacionsfigueres.com\/cat\/wp-content\/uploads\/2024\/03\/logo-excavaciones-figueres.svg","contentUrl":"https:\/\/excavacionsfigueres.com\/cat\/wp-content\/uploads\/2024\/03\/logo-excavaciones-figueres.svg","width":1,"height":1,"caption":"Excavacions Figueres"},"image":{"@id":"https:\/\/excavacionsfigueres.com\/cat\/#\/schema\/logo\/image\/"},"sameAs":["https:\/\/www.facebook.com\/61557642402407","https:\/\/x.com\/excavfigueres"],"description":"Excavacions Figueres \u00e9s una empresa l\u00edder al sector d'excavacions, compromesa amb l'excel\u00b7l\u00e8ncia, la innovaci\u00f3 i el respecte pel medi ambient. Oferim serveis d\u00b4excavaci\u00f3 d\u00b4alta qualitat, utilitzant tecnologia avan\u00e7ada i un equip expert per satisfer les necessitats dels nostres clients.","email":"info@excavacionsfigueres.com","telephone":"633 72 54 38","legalName":"Excavacions Figueres","foundingDate":"2022-01-01","numberOfEmployees":{"@type":"QuantitativeValue","minValue":"11","maxValue":"50"}},{"@type":"Person","@id":"https:\/\/excavacionsfigueres.com\/cat\/#\/schema\/person\/870732bc90f69cf0ace11406fe818e78","name":"Salvador","image":{"@type":"ImageObject","inLanguage":"ca","@id":"https:\/\/excavacionsfigueres.com\/cat\/#\/schema\/person\/image\/","url":"https:\/\/secure.gravatar.com\/avatar\/4d9248a93abb30b92fe4c3489b09d5e0e7fe13b6d04922a40c2bdb68607d9a03?s=96&d=mm&r=g","contentUrl":"https:\/\/secure.gravatar.com\/avatar\/4d9248a93abb30b92fe4c3489b09d5e0e7fe13b6d04922a40c2bdb68607d9a03?s=96&d=mm&r=g","caption":"Salvador"},"sameAs":["http:\/\/excavacionsfigueres.com"]}]}},"_links":{"self":[{"href":"https:\/\/excavacionsfigueres.com\/cat\/wp-json\/wp\/v2\/posts\/3919","targetHints":{"allow":["GET"]}}],"collection":[{"href":"https:\/\/excavacionsfigueres.com\/cat\/wp-json\/wp\/v2\/posts"}],"about":[{"href":"https:\/\/excavacionsfigueres.com\/cat\/wp-json\/wp\/v2\/types\/post"}],"author":[{"embeddable":true,"href":"https:\/\/excavacionsfigueres.com\/cat\/wp-json\/wp\/v2\/users\/1"}],"replies":[{"embeddable":true,"href":"https:\/\/excavacionsfigueres.com\/cat\/wp-json\/wp\/v2\/comments?post=3919"}],"version-history":[{"count":17,"href":"https:\/\/excavacionsfigueres.com\/cat\/wp-json\/wp\/v2\/posts\/3919\/revisions"}],"predecessor-version":[{"id":4304,"href":"https:\/\/excavacionsfigueres.com\/cat\/wp-json\/wp\/v2\/posts\/3919\/revisions\/4304"}],"wp:featuredmedia":[{"embeddable":true,"href":"https:\/\/excavacionsfigueres.com\/cat\/wp-json\/wp\/v2\/media\/3931"}],"wp:attachment":[{"href":"https:\/\/excavacionsfigueres.com\/cat\/wp-json\/wp\/v2\/media?parent=3919"}],"wp:term":[{"taxonomy":"category","embeddable":true,"href":"https:\/\/excavacionsfigueres.com\/cat\/wp-json\/wp\/v2\/categories?post=3919"},{"taxonomy":"post_tag","embeddable":true,"href":"https:\/\/excavacionsfigueres.com\/cat\/wp-json\/wp\/v2\/tags?post=3919"}],"curies":[{"name":"wp","href":"https:\/\/api.w.org\/{rel}","templated":true}]}}